{"id":2574,"date":"2024-03-26T22:03:32","date_gmt":"2024-03-26T21:03:32","guid":{"rendered":"https:\/\/lifee.hu\/teszt\/?p=2574"},"modified":"2024-03-26T22:56:01","modified_gmt":"2024-03-26T21:56:01","slug":"madaretetes-csak-telen-es-csakis-okosan","status":"publish","type":"post","link":"https:\/\/lifee.hu\/teszt\/madaretetes-csak-telen-es-csakis-okosan\/","title":{"rendered":"Mad\u00e1retet\u00e9s \u2013 csak t\u00e9len, \u00e9s csakis okosan!"},"content":{"rendered":"<p>&nbsp;<\/p>\n<p style=\"font-weight: 400; text-align: justify;\">A k\u00f6zhiedelemmel ellent\u00e9tben a kerti madarakat nem <em>sz\u00fcks\u00e9ges<\/em> etetni: a t\u00e9li id\u0151szakban itt marad\u00f3, valamint az akkor ide\u00e9rkez\u0151 madarak n\u00e9lk\u00fcl\u00fcnk is k\u00e9pesek \u00e9lelemhez jutni, ha pedig \u00fagy alakul, hogy hosszabb ideig fedi h\u00f3takar\u00f3 a t\u00e1jat, egyszer\u0171en elrep\u00fclnek olyan ter\u00fcletre, ahol megfelel\u0151 mennyis\u00e9g\u0171 t\u00e1pl\u00e1l\u00e9kot tal\u00e1lnak. Ugyanakkor a magunk \u00f6r\u00f6m\u00e9re \u2013 vagyis az\u00e9rt, hogy gy\u00f6ny\u00f6rk\u00f6dhess\u00fcnk a l\u00e1tv\u00e1nyukban \u2013 etethetj\u00fck \u0151ket, \u00e1m ennek megvannak a maga szigor\u00fa szab\u00e1lyai. Blogcikk\u00fcnkben ezeket ismerheted meg.<\/p>\n<ul style=\"text-align: justify;\">\n<li>A mad\u00e1retet\u00e9s az els\u0151 fagyokt\u00f3l tavaszig tarthat, azaz nagyj\u00e1b\u00f3l <strong>december elej\u00e9t\u0151l m\u00e1rcius v\u00e9g\u00e9ig<\/strong>. Az\u00e9rt ne etess\u00fcnk ezen id\u0151szak el\u0151tt \u00e9s ut\u00e1n, hogy a madarak ink\u00e1bb a term\u00e9szetes t\u00e1pl\u00e1l\u00e9kukat fogyassz\u00e1k a k\u00f6rnyezet egyens\u00faly\u00e1nak fenntart\u00e1sa \u00e9s a fi\u00f3k\u00e1k eg\u00e9szs\u00e9ges fejl\u0151d\u00e9se \u00e9rdek\u00e9ben. Egy\u00e9bk\u00e9nt t\u00e9vhit, hogy ha egyszer elkezdt\u00fck az etet\u00e9st, akkor az mindenk\u00e9pp tartson eg\u00e9sz szezonban, k\u00fcl\u00f6nben a madarak \u00e9hezni fognak \u2013 nem, egyszer\u0171en csak m\u00e1sik etet\u0151h\u00f6z mennek.<\/li>\n<li>C\u00e9lszer\u0171 olyan helyre tenni a <span style=\"color: #993300;\"><strong><a style=\"color: #993300;\" href=\"https:\/\/lifee.hu\/teszt\/termek\/madareteto-o18x19-5cm-vilagoszold\/\">mad\u00e1retet\u0151t<\/a><\/strong><\/span>, ahol a k\u00f6rny\u00e9k macsk\u00e1i nem \u00e9rik el. Sokan haragszanak a varjakra \u00e9s a szark\u00e1kra a f\u00e9szekrabl\u00e1s miatt, pedig a k\u00f3bor macsk\u00e1k \u00e9s a kiengedett h\u00e1zi kedvencek sokkal nagyobb puszt\u00edt\u00e1st v\u00e9geznek az \u00e9nekesmadarak fi\u00f3k\u00e1i k\u00f6z\u00f6tt.<\/li>\n<li>Olyan magvakat tegy\u00fcnk az etet\u0151be, amelyek minden szempontb\u00f3l megfelelnek a madarak ig\u00e9nyeinek. T\u00f6k\u00e9letes v\u00e1laszt\u00e1s a teljesen nat\u00far feketeh\u00e9j\u00fa napraforg\u00f3mag, aminek magas az olajtartalma, de keverhet\u00fcnk hozz\u00e1 pintyeles\u00e9get is. A l\u00e9nyeg, hogy ne legyen se s\u00f3s, se pir\u00edtott, semmilyen form\u00e1ban sem \u00edzes\u00edtett vagy kezelt. A madaraknak val\u00f3 olajos magvak k\u00f6z\u00e9 tartozik a di\u00f3 \u00e9s a mogyor\u00f3 is, szint\u00e9n csakis nat\u00far form\u00e1ban. Tehet\u00fcnk ki alm\u00e1t \u00e9s bogy\u00f3s term\u00e9seket, ahogy faggy\u00faban gazdag cinkegoly\u00f3t is.<\/li>\n<\/ul>\n<h2 style=\"text-align: justify;\"><strong><span style=\"font-size: 14pt;\">Ami a legt\u00f6bbet seg\u00edt: a mindennapos itat\u00e1s<\/span><\/strong><\/h2>\n<p style=\"font-weight: 400; text-align: justify;\">Z\u00e1r\u00e1sk\u00e9pp musz\u00e1j sz\u00f3t ejteni az itat\u00e1sr\u00f3l is: nem is gondoln\u00e1nk, de ez sokkal fontosabb az etet\u00e9sn\u00e9l, r\u00e1ad\u00e1sul eg\u00e9sz \u00e9vben szabad, s\u0151t kimondottan aj\u00e1nlott v\u00edzforr\u00e1st biztos\u00edtani a madaraknak. A nyarak egyre sz\u00e1razabbak, t\u00e9len szinte alig esik h\u00f3, \u00edgy a madarak sokszor nem jutnak v\u00edzhez, hogy igyanak \u00e9s f\u00fcrd\u0151zzenek. Itat\u00f3nak haszn\u00e1ljunk sima, sek\u00e9ly vir\u00e1gcser\u00e9p-al\u00e1t\u00e9tet, \u00e9s naponta cser\u00e9lj\u00fck benne a vizet, sz\u00fcks\u00e9g eset\u00e9n pedig t\u00f6lts\u00fck \u00fajra, folyamatosan legyen benne v\u00edz. Ezzel val\u00f3ban nagyon seg\u00edt\u00fcnk a kerti madaraknak.<\/p>\n","protected":false},"excerpt":{"rendered":"<p>&nbsp; A k\u00f6zhiedelemmel ellent\u00e9tben a kerti madarakat nem sz\u00fcks\u00e9ges etetni: a t\u00e9li id\u0151szakban itt marad\u00f3, valamint az akkor ide\u00e9rkez\u0151 madarak n\u00e9lk\u00fcl\u00fcnk is k\u00e9pesek \u00e9lelemhez jutni, ha pedig \u00fagy alakul, hogy hosszabb ideig fedi h\u00f3takar\u00f3 a t\u00e1jat, egyszer\u0171en elrep\u00fclnek olyan ter\u00fcletre, ahol megfelel\u0151 mennyis\u00e9g\u0171 t\u00e1pl\u00e1l\u00e9kot tal\u00e1lnak. Ugyanakkor a magunk \u00f6r\u00f6m\u00e9re \u2013 vagyis az\u00e9rt, hogy gy\u00f6ny\u00f6rk\u00f6dhess\u00fcnk a &#8230; <a title=\"Mad\u00e1retet\u00e9s \u2013 csak t\u00e9len, \u00e9s csakis okosan!\" class=\"read-more\" href=\"https:\/\/lifee.hu\/teszt\/madaretetes-csak-telen-es-csakis-okosan\/\" aria-label=\"Read more about Mad\u00e1retet\u00e9s \u2013 csak t\u00e9len, \u00e9s csakis okosan!\">Olvass tov\u00e1bb<\/a><\/p>\n","protected":false},"author":2,"featured_media":2579,"comment_status":"open","ping_status":"open","sticky":false,"template":"","format":"standard","meta":{"_acf_changed":false,"inline_featured_image":false,"footnotes":""},"categories":[24],"tags":[],"class_list":["post-2574","post","type-post","status-publish","format-standard","has-post-thumbnail","hentry","category-kategoria-nelkuli-hu"],"acf":[],"_links":{"self":[{"href":"https:\/\/lifee.hu\/teszt\/wp-json\/wp\/v2\/posts\/2574","targetHints":{"allow":["GET"]}}],"collection":[{"href":"https:\/\/lifee.hu\/teszt\/wp-json\/wp\/v2\/posts"}],"about":[{"href":"https:\/\/lifee.hu\/teszt\/wp-json\/wp\/v2\/types\/post"}],"author":[{"embeddable":true,"href":"https:\/\/lifee.hu\/teszt\/wp-json\/wp\/v2\/users\/2"}],"replies":[{"embeddable":true,"href":"https:\/\/lifee.hu\/teszt\/wp-json\/wp\/v2\/comments?post=2574"}],"version-history":[{"count":0,"href":"https:\/\/lifee.hu\/teszt\/wp-json\/wp\/v2\/posts\/2574\/revisions"}],"wp:featuredmedia":[{"embeddable":true,"href":"https:\/\/lifee.hu\/teszt\/wp-json\/wp\/v2\/media\/2579"}],"wp:attachment":[{"href":"https:\/\/lifee.hu\/teszt\/wp-json\/wp\/v2\/media?parent=2574"}],"wp:term":[{"taxonomy":"category","embeddable":true,"href":"https:\/\/lifee.hu\/teszt\/wp-json\/wp\/v2\/categories?post=2574"},{"taxonomy":"post_tag","embeddable":true,"href":"https:\/\/lifee.hu\/teszt\/wp-json\/wp\/v2\/tags?post=2574"}],"curies":[{"name":"wp","href":"https:\/\/api.w.org\/{rel}","templated":true}]}}